{"id":251,"date":"2026-04-24T18:47:05","date_gmt":"2026-04-24T18:47:05","guid":{"rendered":"https:\/\/reneba-r.ch\/wp\/?p=251"},"modified":"2026-04-24T18:47:06","modified_gmt":"2026-04-24T18:47:06","slug":"kush-do-e-zevendesoje-arber-hajdarin-ne-bbvip-6","status":"publish","type":"post","link":"https:\/\/reneba-r.ch\/wp\/kush-do-e-zevendesoje-arber-hajdarin-ne-bbvip-6\/","title":{"rendered":"Kush do e z\u00ebvend\u00ebsoj\u00eb Arb\u00ebr Hajdarin n\u00eb BBVIP 6?"},"content":{"rendered":"<p>Arjan Konomi shihet si nj\u00eb nga emrat q\u00eb mund t\u00eb marr\u00eb rolin e opinionistit n\u00eb sezonin e ardhsh\u00ebm t\u00eb \u201cBig Brother VIP\u201d.<\/p>\n<p>N\u00eb nj\u00eb intervist\u00eb t\u00eb shkurt\u00ebr n\u00eb \u201cShe\u2019s On Air\u201d, Arb\u00ebr Hajdari dhe Arjan Konomi zbuluan detaje dhe ndan\u00eb p\u00ebrjetimet e tyre si opinionist\u00eb n\u00eb Big Brother VIP 5 dhe Fan Club.<\/p>\n<p>Si e p\u00ebrshkruan Arb\u00ebr Hajdari edicionin e k\u00ebtij viti me nj\u00eb fjali?<\/p>\n<p>I jasht\u00ebzakonsh\u00ebm. Un\u00eb e kam th\u00ebn\u00eb q\u00eb \u00e7do gj\u00eb q\u00eb del n\u00eb bot\u00eb e para transmetohet n\u00eb Top Channel dhe po ka qen\u00eb nj\u00eb spektak\u00ebl i jasht\u00ebzakonsh\u00ebm.<\/p>\n<p>A do t\u00eb jet\u00eb Arb\u00ebr Hajdari opinionist s\u00ebrish vitin q\u00eb vjen?<\/p>\n<p>Nuk e di, varet n\u00ebse do b\u00ebj nj\u00eb pun\u00eb akoma dhe m\u00eb t\u00eb r\u00ebnd\u00ebsishme ndoshta nuk jam.<\/p>\n<p>A do t\u2019ia linte vendin e tij Arjan Konomit?<\/p>\n<p>Arjan Konomi \u00ebsht\u00eb profesor i k\u00ebsaj pune.<\/p>\n","protected":false},"excerpt":{"rendered":"<p>Arjan Konomi shihet si nj\u00eb nga emrat q\u00eb mund t\u00eb marr\u00eb rolin e opinionistit n\u00eb sezonin e ardhsh\u00ebm t\u00eb \u201cBig Brother VIP\u201d. N\u00eb nj\u00eb intervist\u00eb t\u00eb shkurt\u00ebr n\u00eb \u201cShe\u2019s On Air\u201d, Arb\u00ebr Hajdari dhe Arjan Konomi zbuluan detaje dhe ndan\u00eb p\u00ebrjetimet e tyre si opinionist\u00eb n\u00eb Big Brother VIP 5 dhe Fan Club. Si e [&hellip;]<\/p>\n","protected":false},"author":1,"featured_media":253,"comment_status":"open","ping_status":"closed","sticky":false,"template":"","format":"standard","meta":{"footnotes":""},"categories":[5],"tags":[21,48],"class_list":["post-251","post","type-post","status-publish","format-standard","has-post-thumbnail","hentry","category-showbizi","tag-arber-hajdari","tag-bbv6"],"_links":{"self":[{"href":"https:\/\/reneba-r.ch\/wp\/wp-json\/wp\/v2\/posts\/251","targetHints":{"allow":["GET"]}}],"collection":[{"href":"https:\/\/reneba-r.ch\/wp\/wp-json\/wp\/v2\/posts"}],"about":[{"href":"https:\/\/reneba-r.ch\/wp\/wp-json\/wp\/v2\/types\/post"}],"author":[{"embeddable":true,"href":"https:\/\/reneba-r.ch\/wp\/wp-json\/wp\/v2\/users\/1"}],"replies":[{"embeddable":true,"href":"https:\/\/reneba-r.ch\/wp\/wp-json\/wp\/v2\/comments?post=251"}],"version-history":[{"count":1,"href":"https:\/\/reneba-r.ch\/wp\/wp-json\/wp\/v2\/posts\/251\/revisions"}],"predecessor-version":[{"id":252,"href":"https:\/\/reneba-r.ch\/wp\/wp-json\/wp\/v2\/posts\/251\/revisions\/252"}],"wp:featuredmedia":[{"embeddable":true,"href":"https:\/\/reneba-r.ch\/wp\/wp-json\/wp\/v2\/media\/253"}],"wp:attachment":[{"href":"https:\/\/reneba-r.ch\/wp\/wp-json\/wp\/v2\/media?parent=251"}],"wp:term":[{"taxonomy":"category","embeddable":true,"href":"https:\/\/reneba-r.ch\/wp\/wp-json\/wp\/v2\/categories?post=251"},{"taxonomy":"post_tag","embeddable":true,"href":"https:\/\/reneba-r.ch\/wp\/wp-json\/wp\/v2\/tags?post=251"}],"curies":[{"name":"wp","href":"https:\/\/api.w.org\/{rel}","templated":true}]}}