{"id":298,"date":"2026-05-01T14:55:07","date_gmt":"2026-05-01T14:55:07","guid":{"rendered":"https:\/\/reneba-r.ch\/wp\/?p=298"},"modified":"2026-05-01T14:55:08","modified_gmt":"2026-05-01T14:55:08","slug":"lori-hoxha-dhe-bashkeshorti-i-saje-behen-prinder-per-here-te-pare-zbulohet-gjinia-e-bebit","status":"publish","type":"post","link":"https:\/\/reneba-r.ch\/wp\/lori-hoxha-dhe-bashkeshorti-i-saje-behen-prinder-per-here-te-pare-zbulohet-gjinia-e-bebit\/","title":{"rendered":"Lori Hoxha dhe bashk\u00ebshorti i saje b\u00ebhen prind\u00ebr p\u00ebr her\u00eb t\u00eb par\u00eb! Zbulohet gjinia e bebit!"},"content":{"rendered":"<p>Larg zhurm\u00ebs dhe n\u00eb privat\u00ebsi t\u00eb plot\u00eb, Lori Hoxha ka hyr\u00eb n\u00eb nj\u00eb kapitull t\u00eb ri.<\/p>\n<p>Ajo dhe partneri i saj, Vis Bajraktari, jan\u00eb b\u00ebr\u00eb prind\u00ebr p\u00ebr her\u00eb t\u00eb par\u00eb. Burime p\u00ebr \u201cAnabel\u201d konfirmojn\u00eb se Lori ka sjell\u00eb n\u00eb jet\u00eb nj\u00eb djal\u00eb.<\/p>\n<p>Si gjithmon\u00eb, Lori ka zgjedhur ta mbaj\u00eb k\u00ebt\u00eb moment t\u00eb r\u00ebnd\u00ebsish\u00ebm larg v\u00ebmendjes publike, zgjedhje q\u00eb e ka karakterizuar gjithmon\u00eb n\u00eb raport me jet\u00ebn personale.<\/p>\n<p>Megjithat\u00eb, prej muajsh nuk kishin munguar aludimet. N\u00eb mars t\u00eb k\u00ebtij viti, nj\u00eb foto e publikuar me motr\u00ebn e saj, Sara Hoxha, t\u00ebrhoqi v\u00ebmendjen e ndjek\u00ebsve.<br \/>\nEdhe pse e veshur me rroba t\u00eb gjera dhe n\u00eb ngjyra t\u00eb err\u00ebta, nj\u00eb detaj i vog\u00ebl u b\u00eb menj\u00ebher\u00eb pjes\u00eb e diskutimit: shishja e ujit q\u00eb mbante n\u00eb dor\u00eb dukej sikur \u201cpengohej\u201d nga nj\u00eb bark i rrumbullakosur.<\/p>\n<p>Megjithat\u00eb, prej muajsh nuk kishin munguar aludimet.<\/p>\n<p><img loading=\"lazy\" decoding=\"async\" class=\"alignnone size-full wp-image-13357\" src=\"https:\/\/reneba-r.ch\/wp\/wp-content\/uploads\/2026\/05\/image-1-5.jpg\" alt=\"\" width=\"873\" height=\"1879\" \/><\/p>\n<p>N\u00eb mars t\u00eb k\u00ebtij viti, nj\u00eb foto e publikuar me motr\u00ebn e saj, Sara Hoxha, t\u00ebrhoqi v\u00ebmendjen e ndjek\u00ebsve.<br \/>\nEdhe pse e veshur me rroba t\u00eb gjera dhe n\u00eb ngjyra t\u00eb err\u00ebta, nj\u00eb detaj i vog\u00ebl u b\u00eb menj\u00ebher\u00eb pjes\u00eb e diskutimit: shishja e ujit q\u00eb mbante n\u00eb dor\u00eb dukej sikur \u201cpengohej\u201d nga nj\u00eb bark i rrumbullakosur.<\/p>\n<p>N\u00eb dhjetor 2025, Lori u shfaq p\u00ebr her\u00eb t\u00eb par\u00eb publikisht me bashk\u00ebshortin, pas lajmeve p\u00ebr martes\u00ebn e tyre.<br \/>\nDyshja mor\u00ebn pjes\u00eb n\u00eb p\u00ebrvjetorin e 10-t\u00eb t\u00eb fondacionit \u201cFundjav\u00eb Ndryshe\u201d, ku u pan\u00eb t\u00eb ulur pran\u00eb nj\u00ebri-tjetrit, s\u00eb bashku me Sara Hoxh\u00ebn dhe figura t\u00eb tjera publike, duke sh\u00ebnuar nj\u00eb nga daljet e rralla t\u00eb p\u00ebrbashk\u00ebta.<\/p>\n","protected":false},"excerpt":{"rendered":"<p>Larg zhurm\u00ebs dhe n\u00eb privat\u00ebsi t\u00eb plot\u00eb, Lori Hoxha ka hyr\u00eb n\u00eb nj\u00eb kapitull t\u00eb ri. Ajo dhe partneri i saj, Vis Bajraktari, jan\u00eb b\u00ebr\u00eb prind\u00ebr p\u00ebr her\u00eb t\u00eb par\u00eb. Burime p\u00ebr \u201cAnabel\u201d konfirmojn\u00eb se Lori ka sjell\u00eb n\u00eb jet\u00eb nj\u00eb djal\u00eb. Si gjithmon\u00eb, Lori ka zgjedhur ta mbaj\u00eb k\u00ebt\u00eb moment t\u00eb r\u00ebnd\u00ebsish\u00ebm larg v\u00ebmendjes [&hellip;]<\/p>\n","protected":false},"author":1,"featured_media":300,"comment_status":"open","ping_status":"closed","sticky":false,"template":"","format":"standard","meta":{"footnotes":""},"categories":[5],"tags":[54,55],"class_list":["post-298","post","type-post","status-publish","format-standard","has-post-thumbnail","hentry","category-showbizi","tag-lori-hoxha","tag-vis-bajraktari"],"_links":{"self":[{"href":"https:\/\/reneba-r.ch\/wp\/wp-json\/wp\/v2\/posts\/298","targetHints":{"allow":["GET"]}}],"collection":[{"href":"https:\/\/reneba-r.ch\/wp\/wp-json\/wp\/v2\/posts"}],"about":[{"href":"https:\/\/reneba-r.ch\/wp\/wp-json\/wp\/v2\/types\/post"}],"author":[{"embeddable":true,"href":"https:\/\/reneba-r.ch\/wp\/wp-json\/wp\/v2\/users\/1"}],"replies":[{"embeddable":true,"href":"https:\/\/reneba-r.ch\/wp\/wp-json\/wp\/v2\/comments?post=298"}],"version-history":[{"count":1,"href":"https:\/\/reneba-r.ch\/wp\/wp-json\/wp\/v2\/posts\/298\/revisions"}],"predecessor-version":[{"id":299,"href":"https:\/\/reneba-r.ch\/wp\/wp-json\/wp\/v2\/posts\/298\/revisions\/299"}],"wp:featuredmedia":[{"embeddable":true,"href":"https:\/\/reneba-r.ch\/wp\/wp-json\/wp\/v2\/media\/300"}],"wp:attachment":[{"href":"https:\/\/reneba-r.ch\/wp\/wp-json\/wp\/v2\/media?parent=298"}],"wp:term":[{"taxonomy":"category","embeddable":true,"href":"https:\/\/reneba-r.ch\/wp\/wp-json\/wp\/v2\/categories?post=298"},{"taxonomy":"post_tag","embeddable":true,"href":"https:\/\/reneba-r.ch\/wp\/wp-json\/wp\/v2\/tags?post=298"}],"curies":[{"name":"wp","href":"https:\/\/api.w.org\/{rel}","templated":true}]}}